[{"id":2833,"link":"https:\/\/communederousses.fr\/arretes-de-secheresse-lozere\/","name":"arretes-de-secheresse-lozere","thumbnail":{"url":false,"alt":false},"title":"Arr\u00eat\u00e9 de s\u00e9cheresse Loz\u00e8re au 13 ao\u00fbt 2026","author":{"name":"Secr\u00e9tariat","link":"https:\/\/communederousses.fr\/author\/communederousses\/"},"date":"Ao\u00fbt 25, 2026","dateGMT":"2026-08-25 14:42:42","modifiedDate":"2026-08-25 15:42:44","modifiedDateGMT":"2026-08-25 14:42:44","commentCount":"0","commentStatus":"closed","categories":{"coma":"<a href=\"https:\/\/communederousses.fr\/category\/informations\/\" rel=\"category tag\">Informations<\/a>, <a href=\"https:\/\/communederousses.fr\/category\/informations\/informations-eau\/\" rel=\"category tag\">Informations eau<\/a>","space":"<a href=\"https:\/\/communederousses.fr\/category\/informations\/\" rel=\"category tag\">Informations<\/a> <a href=\"https:\/\/communederousses.fr\/category\/informations\/informations-eau\/\" rel=\"category tag\">Informations eau<\/a>"},"taxonomies":{"post_tag":""},"readTime":{"min":0,"sec":3},"status":"publish","excerpt":""},{"id":3105,"link":"https:\/\/communederousses.fr\/arrete-prefectoral-du-25-aout-2026-interdisant-temporairement-les-spectacles-pyrotechniques-et-les-feux-dartifices\/","name":"arrete-prefectoral-du-25-aout-2026-interdisant-temporairement-les-spectacles-pyrotechniques-et-les-feux-dartifices","thumbnail":{"url":false,"alt":false},"title":"Arr\u00eat\u00e9 pr\u00e9fectoral du 25 ao\u00fbt 2026 interdisant temporairement les spectacles pyrotechniques et les feux d’artifices","author":{"name":"Secr\u00e9tariat","link":"https:\/\/communederousses.fr\/author\/communederousses\/"},"date":"Ao\u00fbt 25, 2026","dateGMT":"2026-08-25 14:40:22","modifiedDate":"2026-08-25 15:40:24","modifiedDateGMT":"2026-08-25 14:40:24","commentCount":"0","commentStatus":"closed","categories":{"coma":"<a href=\"https:\/\/communederousses.fr\/category\/informations\/\" rel=\"category tag\">Informations<\/a>","space":"<a href=\"https:\/\/communederousses.fr\/category\/informations\/\" rel=\"category tag\">Informations<\/a>"},"taxonomies":{"post_tag":""},"readTime":{"min":0,"sec":2},"status":"publish","excerpt":""},{"id":3101,"link":"https:\/\/communederousses.fr\/arrete-prefectoral-du-13-aout-2026-interdisant-temporairement-la-capture-de-la-truite-fario-sur-les-cours-deau-de-premiere-categorie-du-departement-de-la-lozere\/","name":"arrete-prefectoral-du-13-aout-2026-interdisant-temporairement-la-capture-de-la-truite-fario-sur-les-cours-deau-de-premiere-categorie-du-departement-de-la-lozere","thumbnail":{"url":false,"alt":false},"title":"Arr\u00eat\u00e9 pr\u00e9fectoral du 13 ao\u00fbt 2026 interdisant temporairement la capture de la truite fario sur les cours d’eau de premi\u00e8re cat\u00e9gorie du d\u00e9partement de la Loz\u00e8re","author":{"name":"Secr\u00e9tariat","link":"https:\/\/communederousses.fr\/author\/communederousses\/"},"date":"Ao\u00fbt 25, 2026","dateGMT":"2026-08-25 14:37:26","modifiedDate":"2026-08-25 15:37:29","modifiedDateGMT":"2026-08-25 14:37:29","commentCount":"0","commentStatus":"closed","categories":{"coma":"<a href=\"https:\/\/communederousses.fr\/category\/informations\/\" rel=\"category tag\">Informations<\/a>","space":"<a href=\"https:\/\/communederousses.fr\/category\/informations\/\" rel=\"category tag\">Informations<\/a>"},"taxonomies":{"post_tag":""},"readTime":{"min":0,"sec":2},"status":"publish","excerpt":""},{"id":3097,"link":"https:\/\/communederousses.fr\/campagne-de-chasse-2026-2027-arretes-du-parc-national-des-cevennes\/","name":"campagne-de-chasse-2026-2027-arretes-du-parc-national-des-cevennes","thumbnail":{"url":false,"alt":false},"title":"Campagne de chasse 2026-2027 : arr\u00eat\u00e9s du Parc National des C\u00e9vennes","author":{"name":"Secr\u00e9tariat","link":"https:\/\/communederousses.fr\/author\/communederousses\/"},"date":"Ao\u00fbt 25, 2026","dateGMT":"2026-08-25 13:16:52","modifiedDate":"2026-08-25 14:16:54","modifiedDateGMT":"2026-08-25 13:16:54","commentCount":"0","commentStatus":"closed","categories":{"coma":"<a href=\"https:\/\/communederousses.fr\/category\/informations\/\" rel=\"category tag\">Informations<\/a>","space":"<a href=\"https:\/\/communederousses.fr\/category\/informations\/\" rel=\"category tag\">Informations<\/a>"},"taxonomies":{"post_tag":""},"readTime":{"min":0,"sec":18},"status":"publish","excerpt":""},{"id":2810,"link":"https:\/\/communederousses.fr\/controle-sanitaire-des-eaux-destinees-a-la-consommation-humaine-cabrillac\/","name":"controle-sanitaire-des-eaux-destinees-a-la-consommation-humaine-cabrillac","thumbnail":{"url":false,"alt":false},"title":"Contr\u00f4le sanitaire des eaux destin\u00e9es \u00e0 la consommation humaine \u2013 Cabrillac et M\u00e9jean","author":{"name":"Secr\u00e9tariat","link":"https:\/\/communederousses.fr\/author\/communederousses\/"},"date":"Ao\u00fbt 25, 2026","dateGMT":"2026-08-25 13:09:36","modifiedDate":"2026-08-25 14:09:38","modifiedDateGMT":"2026-08-25 13:09:38","commentCount":"0","commentStatus":"closed","categories":{"coma":"<a href=\"https:\/\/communederousses.fr\/category\/informations\/\" rel=\"category tag\">Informations<\/a>, <a href=\"https:\/\/communederousses.fr\/category\/informations\/informations-eau\/\" rel=\"category tag\">Informations eau<\/a>","space":"<a href=\"https:\/\/communederousses.fr\/category\/informations\/\" rel=\"category tag\">Informations<\/a> <a href=\"https:\/\/communederousses.fr\/category\/informations\/informations-eau\/\" rel=\"category tag\">Informations eau<\/a>"},"taxonomies":{"post_tag":""},"readTime":{"min":0,"sec":3},"status":"publish","excerpt":""},{"id":3014,"link":"https:\/\/communederousses.fr\/information-sur-les-horaires-du-secretariat-de-mairie-du-1er-juillet-au-31-aout-2026\/","name":"information-sur-les-horaires-du-secretariat-de-mairie-du-1er-juillet-au-31-aout-2026","thumbnail":{"url":false,"alt":false},"title":"Information sur les horaires du secr\u00e9tariat de mairie","author":{"name":"Secr\u00e9tariat","link":"https:\/\/communederousses.fr\/author\/communederousses\/"},"date":"Ao\u00fbt 25, 2026","dateGMT":"2026-08-25 13:05:01","modifiedDate":"2026-08-25 14:05:02","modifiedDateGMT":"2026-08-25 13:05:02","commentCount":"0","commentStatus":"closed","categories":{"coma":"<a href=\"https:\/\/communederousses.fr\/category\/informations\/\" rel=\"category tag\">Informations<\/a>","space":"<a href=\"https:\/\/communederousses.fr\/category\/informations\/\" rel=\"category tag\">Informations<\/a>"},"taxonomies":{"post_tag":""},"readTime":{"min":0,"sec":17},"status":"publish","excerpt":""},{"id":2799,"link":"https:\/\/communederousses.fr\/controles-sanitaires-des-eaux-destinees-a-la-consommation-humaine-commune-de-rousses\/","name":"controles-sanitaires-des-eaux-destinees-a-la-consommation-humaine-commune-de-rousses","thumbnail":{"url":false,"alt":false},"title":"Contr\u00f4les sanitaires des eaux destin\u00e9es \u00e0 la consommation humaine – Commune de Rousses","author":{"name":"Secr\u00e9tariat","link":"https:\/\/communederousses.fr\/author\/communederousses\/"},"date":"Ao\u00fbt 25, 2026","dateGMT":"2026-08-25 12:51:06","modifiedDate":"2026-08-25 14:10:14","modifiedDateGMT":"2026-08-25 13:10:14","commentCount":"0","commentStatus":"closed","categories":{"coma":"<a href=\"https:\/\/communederousses.fr\/category\/informations\/\" rel=\"category tag\">Informations<\/a>, <a href=\"https:\/\/communederousses.fr\/category\/informations\/informations-eau\/\" rel=\"category tag\">Informations eau<\/a>","space":"<a href=\"https:\/\/communederousses.fr\/category\/informations\/\" rel=\"category tag\">Informations<\/a> <a href=\"https:\/\/communederousses.fr\/category\/informations\/informations-eau\/\" rel=\"category tag\">Informations eau<\/a>"},"taxonomies":{"post_tag":""},"readTime":{"min":0,"sec":7},"status":"publish","excerpt":""},{"id":2795,"link":"https:\/\/communederousses.fr\/eaux-baignade-castelviel-rousses\/","name":"eaux-baignade-castelviel-rousses","thumbnail":{"url":false,"alt":false},"title":"Eaux baignade Castelviel Rousses 2026","author":{"name":"Secr\u00e9tariat","link":"https:\/\/communederousses.fr\/author\/communederousses\/"},"date":"Ao\u00fbt 25, 2026","dateGMT":"2026-08-25 12:47:53","modifiedDate":"2026-08-25 14:11:13","modifiedDateGMT":"2026-08-25 13:11:13","commentCount":"0","commentStatus":"closed","categories":{"coma":"<a href=\"https:\/\/communederousses.fr\/category\/informations\/\" rel=\"category tag\">Informations<\/a>, <a href=\"https:\/\/communederousses.fr\/category\/informations\/informations-eau\/\" rel=\"category tag\">Informations eau<\/a>","space":"<a href=\"https:\/\/communederousses.fr\/category\/informations\/\" rel=\"category tag\">Informations<\/a> <a href=\"https:\/\/communederousses.fr\/category\/informations\/informations-eau\/\" rel=\"category tag\">Informations eau<\/a>"},"taxonomies":{"post_tag":""},"readTime":{"min":0,"sec":12},"status":"publish","excerpt":""},{"id":3068,"link":"https:\/\/communederousses.fr\/prefecture-de-la-lozere-communication-risque-incendie\/","name":"prefecture-de-la-lozere-communication-risque-incendie","thumbnail":{"url":false,"alt":false},"title":"Pr\u00e9fecture de la Loz\u00e8re : communication risque incendie","author":{"name":"Secr\u00e9tariat","link":"https:\/\/communederousses.fr\/author\/communederousses\/"},"date":"Ao\u00fbt 4, 2026","dateGMT":"2026-08-04 12:06:00","modifiedDate":"2026-08-04 13:20:49","modifiedDateGMT":"2026-08-04 12:20:49","commentCount":"0","commentStatus":"closed","categories":{"coma":"<a href=\"https:\/\/communederousses.fr\/category\/informations\/\" rel=\"category tag\">Informations<\/a>","space":"<a href=\"https:\/\/communederousses.fr\/category\/informations\/\" rel=\"category tag\">Informations<\/a>"},"taxonomies":{"post_tag":""},"readTime":{"min":0,"sec":1},"status":"publish","excerpt":""},{"id":2978,"link":"https:\/\/communederousses.fr\/via-ferrata-de-rousses-tarifs-de-location-du-materiel\/","name":"via-ferrata-de-rousses-tarifs-de-location-du-materiel","thumbnail":{"url":false,"alt":false},"title":"Via ferrata de Rousses – Tarifs de location du mat\u00e9riel","author":{"name":"Secr\u00e9tariat","link":"https:\/\/communederousses.fr\/author\/communederousses\/"},"date":"Mai 29, 2026","dateGMT":"2026-05-29 15:54:00","modifiedDate":"2026-05-29 17:52:33","modifiedDateGMT":"2026-05-29 16:52:33","commentCount":"0","commentStatus":"closed","categories":{"coma":"<a href=\"https:\/\/communederousses.fr\/category\/non-classe\/\" rel=\"category tag\">Non class\u00e9<\/a>","space":"<a href=\"https:\/\/communederousses.fr\/category\/non-classe\/\" rel=\"category tag\">Non class\u00e9<\/a>"},"taxonomies":{"post_tag":""},"readTime":{"min":0,"sec":2},"status":"publish","excerpt":""},{"id":2814,"link":"https:\/\/communederousses.fr\/notes-breves-et-synthetiques-budget-2025-et-cfu-2024-budget-transport-tapoul\/","name":"notes-breves-et-synthetiques-budget-2025-et-cfu-2024-budget-transport-tapoul","thumbnail":{"url":false,"alt":false},"title":"Notes br\u00e8ves et synth\u00e9tiques Budget 2026 et CFU 2025 \u2013 Budget ASA du Tapoul","author":{"name":"Secr\u00e9tariat","link":"https:\/\/communederousses.fr\/author\/communederousses\/"},"date":"Mai 29, 2026","dateGMT":"2026-05-29 15:48:30","modifiedDate":"2026-05-29 16:48:52","modifiedDateGMT":"2026-05-29 15:48:52","commentCount":"0","commentStatus":"closed","categories":{"coma":"<a href=\"https:\/\/communederousses.fr\/category\/informations\/\" rel=\"category tag\">Informations<\/a>","space":"<a href=\"https:\/\/communederousses.fr\/category\/informations\/\" rel=\"category tag\">Informations<\/a>"},"taxonomies":{"post_tag":""},"readTime":{"min":0,"sec":3},"status":"publish","excerpt":""},{"id":2824,"link":"https:\/\/communederousses.fr\/notes-breves-et-synthetiques-budget-2025-et-cfu-2024-budget-commune-de-rousses\/","name":"notes-breves-et-synthetiques-budget-2025-et-cfu-2024-budget-commune-de-rousses","thumbnail":{"url":false,"alt":false},"title":"Notes br\u00e8ves et synth\u00e9tiques Budget 2026 et CFU 2025 \u2013 Budgets Commune de Rousses, Via ferrata de Rousses et Transport Tapoul","author":{"name":"Secr\u00e9tariat","link":"https:\/\/communederousses.fr\/author\/communederousses\/"},"date":"Mai 29, 2026","dateGMT":"2026-05-29 15:44:42","modifiedDate":"2026-05-29 16:45:20","modifiedDateGMT":"2026-05-29 15:45:20","commentCount":"0","commentStatus":"closed","categories":{"coma":"<a href=\"https:\/\/communederousses.fr\/category\/conseil-municipal\/\" rel=\"category tag\">Conseil Municipal<\/a>","space":"<a href=\"https:\/\/communederousses.fr\/category\/conseil-municipal\/\" rel=\"category tag\">Conseil Municipal<\/a>"},"taxonomies":{"post_tag":""},"readTime":{"min":0,"sec":7},"status":"publish","excerpt":""}]
